{"id":32752,"date":"2023-06-05T00:17:13","date_gmt":"2023-06-05T03:17:13","guid":{"rendered":"https:\/\/livdecora.com.br\/blog\/?p=32752"},"modified":"2026-05-08T17:29:08","modified_gmt":"2026-05-08T20:29:08","slug":"decoracao-modular-dicas-e-inspiracoes","status":"publish","type":"post","link":"https:\/\/livdecora.com.br\/blog\/decoracao-modular-dicas-e-inspiracoes\/","title":{"rendered":"Decora\u00e7\u00e3o modular: dicas e inspira\u00e7\u00f5es"},"content":{"rendered":"<p style=\"text-align: center;\"><em>Decora\u00e7\u00e3o modular \u00e9 uma tend\u00eancia que est\u00e1 conquistando cada vez mais espa\u00e7o nos projetos de interiores, principalmente em pequenos locais<\/em><\/p>\n<p>A <strong>decora\u00e7\u00e3o modular<\/strong> \u00e9 uma abordagem revolucion\u00e1ria que oferece liberdade e versatilidade na cria\u00e7\u00e3o de ambientes personalizados. Ao combinar diferentes m\u00f3dulos independentes, \u00e9 poss\u00edvel transformar seu espa\u00e7o de maneira pr\u00e1tica, adaptando-o \u00e0s suas necessidades e estilo de vida. Neste artigo, vamos explorar o conceito de decora\u00e7\u00e3o modular, suas vantagens, aplica\u00e7\u00f5es e ofereceremos dicas para utiliz\u00e1-la de forma eficiente.<\/p>\n<div class=\"group w-full text-gray-800 dark:text-gray-100 border-b border-black\/10 dark:border-gray-900\/50 bg-gray-50 dark:bg-[#444654]\">\n<div class=\"flex p-4 gap-4 text-base md:gap-6 md:max-w-2xl lg:max-w-xl xl:max-w-3xl md:py-6 lg:px-0 m-auto\">\n<div class=\"relative flex w-[calc(100%-50px)] flex-col gap-1 md:gap-3 lg:w-[calc(100%-115px)]\">\n<div class=\"flex flex-grow flex-col gap-3\">\n<div class=\"min-h-[20px] flex flex-col items-start gap-4 whitespace-pre-wrap break-words\">\n<div class=\"markdown prose w-full break-words dark:prose-invert dark\">\n<p>Antes de conferir tudo sobre decora\u00e7\u00e3o modular, siga a <a href=\"https:\/\/www.instagram.com\/livdecora\" target=\"_blank\" rel=\"noopener\">LIV Decora no Instagram<\/a>\u00a0para acompanhar as novidades e tend\u00eancias do mundo da decora\u00e7\u00e3o. Al\u00e9m disso, voc\u00ea poder\u00e1 conferir mais sobre os produtos de alto padr\u00e3o e como utiliz\u00e1-los em seus ambientes. Agora sim, vamos explorar juntos as possibilidades a partir deste tipo de decora\u00e7\u00e3o<\/p>\n<\/div>\n<\/div>\n<\/div>\n<\/div>\n<\/div>\n<\/div>\n<div id=\"ez-toc-container\" class=\"ez-toc-v2_0_86 counter-hierarchy ez-toc-counter ez-toc-white ez-toc-container-direction\">\n<div class=\"ez-toc-title-container\">\n<p class=\"ez-toc-title\" style=\"cursor:inherit\">Conte\u00fado<\/p>\n<span class=\"ez-toc-title-toggle\"><a href=\"#\" class=\"ez-toc-pull-right ez-toc-btn ez-toc-btn-xs ez-toc-btn-default ez-toc-toggle\" aria-label=\"Alternar tabela de conte\u00fado\"><span class=\"ez-toc-js-icon-con\"><span class=\"\"><span class=\"eztoc-hide\" style=\"display:none;\">Toggle<\/span><span class=\"ez-toc-icon-toggle-span\"><svg style=\"fill: #999;color:#999\" xmlns=\"http:\/\/www.w3.org\/2000\/svg\" class=\"list-377408\" width=\"20px\" height=\"20px\" viewBox=\"0 0 24 24\" fill=\"none\"><path d=\"M6 6H4v2h2V6zm14 0H8v2h12V6zM4 11h2v2H4v-2zm16 0H8v2h12v-2zM4 16h2v2H4v-2zm16 0H8v2h12v-2z\" fill=\"currentColor\"><\/path><\/svg><svg style=\"fill: #999;color:#999\" class=\"arrow-unsorted-368013\" xmlns=\"http:\/\/www.w3.org\/2000\/svg\" width=\"10px\" height=\"10px\" viewBox=\"0 0 24 24\" version=\"1.2\" baseProfile=\"tiny\"><path d=\"M18.2 9.3l-6.2-6.3-6.2 6.3c-.2.2-.3.4-.3.7s.1.5.3.7c.2.2.4.3.7.3h11c.3 0 .5-.1.7-.3.2-.2.3-.5.3-.7s-.1-.5-.3-.7zM5.8 14.7l6.2 6.3 6.2-6.3c.2-.2.3-.5.3-.7s-.1-.5-.3-.7c-.2-.2-.4-.3-.7-.3h-11c-.3 0-.5.1-.7.3-.2.2-.3.5-.3.7s.1.5.3.7z\"\/><\/svg><\/span><\/span><\/span><\/a><\/span><\/div>\n<nav><ul class='ez-toc-list ez-toc-list-level-1 ' ><li class='ez-toc-page-1 ez-toc-heading-level-2'><a class=\"ez-toc-link ez-toc-heading-1\" href=\"https:\/\/livdecora.com.br\/blog\/decoracao-modular-dicas-e-inspiracoes\/#O_que_e_decoracao_modular\" >O que \u00e9 decora\u00e7\u00e3o modular?<\/a><\/li><li class='ez-toc-page-1 ez-toc-heading-level-2'><a class=\"ez-toc-link ez-toc-heading-2\" href=\"https:\/\/livdecora.com.br\/blog\/decoracao-modular-dicas-e-inspiracoes\/#Vantagens_da_decoracao_modular\" >Vantagens da decora\u00e7\u00e3o modular<\/a><\/li><li class='ez-toc-page-1 ez-toc-heading-level-2'><a class=\"ez-toc-link ez-toc-heading-3\" href=\"https:\/\/livdecora.com.br\/blog\/decoracao-modular-dicas-e-inspiracoes\/#Aplicacoes_da_decoracao_modular\" >Aplica\u00e7\u00f5es da decora\u00e7\u00e3o modular<\/a><\/li><li class='ez-toc-page-1 ez-toc-heading-level-2'><a class=\"ez-toc-link ez-toc-heading-4\" href=\"https:\/\/livdecora.com.br\/blog\/decoracao-modular-dicas-e-inspiracoes\/#Aplicacoes_praticas\" >Aplica\u00e7\u00f5es pr\u00e1ticas<\/a><\/li><li class='ez-toc-page-1 ez-toc-heading-level-2'><a class=\"ez-toc-link ez-toc-heading-5\" href=\"https:\/\/livdecora.com.br\/blog\/decoracao-modular-dicas-e-inspiracoes\/#Tendencias_em_decoracao_modular\" >Tend\u00eancias em decora\u00e7\u00e3o modular<\/a><\/li><li class='ez-toc-page-1 ez-toc-heading-level-2'><a class=\"ez-toc-link ez-toc-heading-6\" href=\"https:\/\/livdecora.com.br\/blog\/decoracao-modular-dicas-e-inspiracoes\/#Tenha_cuidado_nas_escolhas\" >Tenha cuidado nas escolhas<\/a><\/li><li class='ez-toc-page-1 ez-toc-heading-level-2'><a class=\"ez-toc-link ez-toc-heading-7\" href=\"https:\/\/livdecora.com.br\/blog\/decoracao-modular-dicas-e-inspiracoes\/#Encontre_tudo_para_a_sua_casa_na_LIV_Decora\" >Encontre tudo para a sua casa na LIV Decora!<\/a><\/li><\/ul><\/nav><\/div>\n<h2><span class=\"ez-toc-section\" id=\"O_que_e_decoracao_modular\"><\/span><strong>O que \u00e9 decora\u00e7\u00e3o modular?<\/strong><span class=\"ez-toc-section-end\"><\/span><\/h2>\n<p>A decora\u00e7\u00e3o modular nada mais \u00e9 do que um estilo de<strong> decora\u00e7\u00e3o baseado em m\u00f3dulos independentes<\/strong> que podem ser combinados e reconfigurados de acordo com as necessidades e prefer\u00eancias individuais. Esses m\u00f3dulos s\u00e3o pe\u00e7as de mobili\u00e1rio ou elementos decorativos que montagem e desmontagem simples, permitindo a cria\u00e7\u00e3o de diferentes arranjos e layouts.<\/p>\n<p><img loading=\"lazy\" decoding=\"async\" class=\"aligncenter wp-image-32759 size-full\" src=\"https:\/\/livdecora.com.br\/blog\/wp-content\/uploads\/2023\/06\/decoracao-modular-clean.jpeg\" alt=\"sala branca com gesso utilizando estilo industrial com sof\u00e1s brancos, lumin\u00e1ria e um quadro com uma paisagem de montanha dividida em 3 quadros que se complementam.\" width=\"1600\" height=\"1066\" title=\"\" srcset=\"https:\/\/livdecora.com.br\/blog\/wp-content\/uploads\/2023\/06\/decoracao-modular-clean.jpeg 1600w, https:\/\/livdecora.com.br\/blog\/wp-content\/uploads\/2023\/06\/decoracao-modular-clean-300x200.jpeg 300w, https:\/\/livdecora.com.br\/blog\/wp-content\/uploads\/2023\/06\/decoracao-modular-clean-1024x682.jpeg 1024w, https:\/\/livdecora.com.br\/blog\/wp-content\/uploads\/2023\/06\/decoracao-modular-clean-768x512.jpeg 768w, https:\/\/livdecora.com.br\/blog\/wp-content\/uploads\/2023\/06\/decoracao-modular-clean-1536x1023.jpeg 1536w, https:\/\/livdecora.com.br\/blog\/wp-content\/uploads\/2023\/06\/decoracao-modular-clean-600x400.jpeg 600w\" sizes=\"auto, (max-width: 1600px) 100vw, 1600px\" \/><\/p>\n<p>A principal <strong>caracter\u00edstica<\/strong> da decora\u00e7\u00e3o modular <strong>\u00e9 sua flexibilidade<\/strong>. Ela oferece liberdade para personalizar o espa\u00e7o de acordo com o ambiente, seja uma casa, escrit\u00f3rio ou evento. Os m\u00f3dulos podem variar em tamanho, forma, cor e fun\u00e7\u00e3o, proporcionando infinitas possibilidades de cria\u00e7\u00e3o.<\/p>\n<h2><span class=\"ez-toc-section\" id=\"Vantagens_da_decoracao_modular\"><\/span><strong>Vantagens da decora\u00e7\u00e3o modular<\/strong><span class=\"ez-toc-section-end\"><\/span><\/h2>\n<p>A decora\u00e7\u00e3o modular oferece diversas vantagens em compara\u00e7\u00e3o com abordagens tradicionais de decora\u00e7\u00e3o. Aqui est\u00e3o algumas das principais vantagens:<\/p>\n<p><strong>Facilidade de montagem e desmontagem:<\/strong> Os m\u00f3dulos s\u00e3o projetados para uma montagem simples e r\u00e1pida, sem a necessidade de contratar profissionais especializados. Isso torna a decora\u00e7\u00e3o modular uma <strong>op\u00e7\u00e3o pr\u00e1tica e acess\u00edvel<\/strong>.<\/p>\n<p><strong>Versatilidade e personaliza\u00e7\u00e3o:<\/strong> A possibilidade de combinar e reconfigurar os m\u00f3dulos <strong>permite criar arranjos \u00fanicos<\/strong> e adaptados \u00e0s prefer\u00eancias individuais. \u00c9 poss\u00edvel personalizar cores, materiais e estilos para criar um ambiente exclusivo.<\/p>\n<p><strong>Economia de espa\u00e7o:<\/strong> A decora\u00e7\u00e3o modular \u00e9<strong> especialmente \u00fatil em espa\u00e7os pequenos<\/strong>, pois os m\u00f3dulos podem ser ajustados para aproveitar ao m\u00e1ximo cada cent\u00edmetro dispon\u00edvel. Al\u00e9m disso, a capacidade de desmontar os m\u00f3dulos quando n\u00e3o estiverem em uso economiza espa\u00e7o de armazenamento.<\/p>\n<p><strong>Sustentabilidade e reaproveitamento:<\/strong> A decora\u00e7\u00e3o modular <strong>promove a sustentabilidade ao permitir o reaproveitamento dos m\u00f3dulos em diferentes configura\u00e7\u00f5es e ambientes<\/strong>. Isso reduz o desperd\u00edcio e o consumo excessivo, tornando-a uma op\u00e7\u00e3o ecologicamente consciente.<\/p>\n<h2><span class=\"ez-toc-section\" id=\"Aplicacoes_da_decoracao_modular\"><\/span><strong>Aplica\u00e7\u00f5es da decora\u00e7\u00e3o modular<\/strong><span class=\"ez-toc-section-end\"><\/span><\/h2>\n<p>Primeiramente, saiba que \u00e9 poss\u00edvel utilizar a decora\u00e7\u00e3o modular em diversos ambientes e contextos. Aqui est\u00e3o algumas das principais aplica\u00e7\u00f5es:<\/p>\n<p><strong>Decora\u00e7\u00e3o de interiores residenciais:<\/strong> em casas e apartamentos, ela \u00e9 capaz de oferecer <strong>solu\u00e7\u00f5es pr\u00e1ticas para otimizar espa\u00e7os pequenos<\/strong> e criar ambientes funcionais. M\u00f3dulos como estantes modulares, sof\u00e1s modulares e prateleiras ajust\u00e1veis s\u00e3o apenas alguns exemplos de como esse estilo pode ser usado para personalizar o interior<\/p>\n<p><img loading=\"lazy\" decoding=\"async\" class=\"aligncenter size-full wp-image-32757\" src=\"https:\/\/livdecora.com.br\/blog\/wp-content\/uploads\/2023\/06\/decoracao-modular-cozinha-pequena.jpg\" alt=\"\" width=\"736\" height=\"416\" title=\"\" srcset=\"https:\/\/livdecora.com.br\/blog\/wp-content\/uploads\/2023\/06\/decoracao-modular-cozinha-pequena.jpg 736w, https:\/\/livdecora.com.br\/blog\/wp-content\/uploads\/2023\/06\/decoracao-modular-cozinha-pequena-300x170.jpg 300w, https:\/\/livdecora.com.br\/blog\/wp-content\/uploads\/2023\/06\/decoracao-modular-cozinha-pequena-600x339.jpg 600w\" sizes=\"auto, (max-width: 736px) 100vw, 736px\" \/><\/p>\n<p><strong>Decora\u00e7\u00e3o de escrit\u00f3rios e espa\u00e7os comerciais:<\/strong> essa \u00e9 uma op\u00e7\u00e3o popular para escrit\u00f3rios e espa\u00e7os comerciais, pois permite adaptar o ambiente de acordo com as necessidades do neg\u00f3cio. <strong>M\u00f3dulos de divis\u00f3rias, esta\u00e7\u00f5es de trabalho modulares e arm\u00e1rios ajust\u00e1veis<\/strong> s\u00e3o algumas das op\u00e7\u00f5es dispon\u00edveis para criar espa\u00e7os de trabalho flex\u00edveis e eficientes.<\/p>\n<p><img loading=\"lazy\" decoding=\"async\" class=\"aligncenter size-full wp-image-32758\" src=\"https:\/\/livdecora.com.br\/blog\/wp-content\/uploads\/2023\/06\/decoracao-modular-escritorio.jpg\" alt=\"\" width=\"1360\" height=\"675\" title=\"\" srcset=\"https:\/\/livdecora.com.br\/blog\/wp-content\/uploads\/2023\/06\/decoracao-modular-escritorio.jpg 1360w, https:\/\/livdecora.com.br\/blog\/wp-content\/uploads\/2023\/06\/decoracao-modular-escritorio-300x149.jpg 300w, https:\/\/livdecora.com.br\/blog\/wp-content\/uploads\/2023\/06\/decoracao-modular-escritorio-1024x508.jpg 1024w, https:\/\/livdecora.com.br\/blog\/wp-content\/uploads\/2023\/06\/decoracao-modular-escritorio-768x381.jpg 768w, https:\/\/livdecora.com.br\/blog\/wp-content\/uploads\/2023\/06\/decoracao-modular-escritorio-600x298.jpg 600w\" sizes=\"auto, (max-width: 1360px) 100vw, 1360px\" \/><\/p>\n<h2><span class=\"ez-toc-section\" id=\"Aplicacoes_praticas\"><\/span><strong>Aplica\u00e7\u00f5es pr\u00e1ticas<\/strong><span class=\"ez-toc-section-end\"><\/span><\/h2>\n<p>Ao optar por esse tipo de decora\u00e7\u00e3o, \u00e9 importante que voc\u00ea esteja atento a alguns detalhes para n\u00e3o errar em nada:<\/p>\n<ol>\n<li><strong>Escolha de m\u00f3dulos adequados ao espa\u00e7o e necessidades:<\/strong> Antes de adquirir os m\u00f3dulos, <strong>avalie o espa\u00e7o dispon\u00edvel<\/strong> e as necessidades espec\u00edficas do ambiente. Considere as dimens\u00f5es, funcionalidades desejadas e estilo para escolher os m\u00f3dulos mais adequados.<\/li>\n<li><strong>Combina\u00e7\u00e3o de diferentes m\u00f3dulos e estilos:<\/strong> N\u00e3o tenha medo de misturar diferentes m\u00f3dulos e estilos. A decora\u00e7\u00e3o modular oferece a<strong> liberdade de criar combina\u00e7\u00f5es \u00fanicas e personalizadas<\/strong>. Experimente diferentes arranjos e veja o que funciona melhor para o seu espa\u00e7o.<\/li>\n<li><strong>Explora\u00e7\u00e3o da criatividade e experimenta\u00e7\u00e3o:<\/strong> por fim, lembre-se que a decora\u00e7\u00e3o modular \u00e9 uma \u00f3tima oportunidade para explorar sua criatividade. N\u00e3o tenha medo de experimentar<strong> diferentes disposi\u00e7\u00f5es e utilizar os m\u00f3dulos de maneiras n\u00e3o convencionais<\/strong>. Pense fora da caixa e crie um ambiente \u00fanico.<\/li>\n<\/ol>\n<h2><span class=\"ez-toc-section\" id=\"Tendencias_em_decoracao_modular\"><\/span><strong>Tend\u00eancias em decora\u00e7\u00e3o modular<\/strong><span class=\"ez-toc-section-end\"><\/span><\/h2>\n<p>Aqui est\u00e3o algumas das tend\u00eancias atuais para voc\u00ea se inspirar:<\/p>\n<p><strong>Integra\u00e7\u00e3o de tecnologia nos m\u00f3dulos:<\/strong> A <strong>tecnologia tamb\u00e9m est\u00e1 sendo incorporada<\/strong> aos m\u00f3dulos de decora\u00e7\u00e3o modular. M\u00f3dulos com sistemas de <a href=\"https:\/\/livdecora.com.br\/blog\/tag\/iluminacao\/\" data-internallinksmanager029f6b8e52c=\"2\" title=\"artigos sobre ilumina\u00e7\u00e3o\" target=\"_blank\" rel=\"noopener\">ilumina\u00e7\u00e3o<\/a> integrados, entradas USB e at\u00e9 mesmo conectividade inteligente est\u00e3o se tornando cada vez mais populares.<\/p>\n<p><strong>Cores e padr\u00f5es contempor\u00e2neos:<\/strong> As <strong>cores neutras e tons suaves<\/strong> continuam em alta na decora\u00e7\u00e3o modular, pois oferecem uma base vers\u00e1til para combina\u00e7\u00f5es criativas. Al\u00e9m disso, padr\u00f5es geom\u00e9tricos, texturas naturais e estampas minimalistas s\u00e3o tend\u00eancias populares que adicionam um toque moderno aos m\u00f3dulos.<\/p>\n<p><img loading=\"lazy\" decoding=\"async\" class=\"aligncenter wp-image-32762\" src=\"https:\/\/livdecora.com.br\/blog\/wp-content\/uploads\/2023\/06\/decoracao-modular-cinza.jpg\" alt=\"\" width=\"694\" height=\"427\" title=\"\" srcset=\"https:\/\/livdecora.com.br\/blog\/wp-content\/uploads\/2023\/06\/decoracao-modular-cinza.jpg 775w, https:\/\/livdecora.com.br\/blog\/wp-content\/uploads\/2023\/06\/decoracao-modular-cinza-300x185.jpg 300w, https:\/\/livdecora.com.br\/blog\/wp-content\/uploads\/2023\/06\/decoracao-modular-cinza-768x473.jpg 768w, https:\/\/livdecora.com.br\/blog\/wp-content\/uploads\/2023\/06\/decoracao-modular-cinza-600x369.jpg 600w\" sizes=\"auto, (max-width: 694px) 100vw, 694px\" \/><\/p>\n<h2><span class=\"ez-toc-section\" id=\"Tenha_cuidado_nas_escolhas\"><\/span><strong>Tenha cuidado nas escolhas<\/strong><span class=\"ez-toc-section-end\"><\/span><\/h2>\n<p>Ao escolher a decora\u00e7\u00e3o modular, \u00e9 importante ter alguns cuidados para garantir a qualidade e a funcionalidade dos m\u00f3dulos. Aqui est\u00e3o algumas considera\u00e7\u00f5es importantes:<\/p>\n<ul>\n<li><strong>Qualidade dos materiais e acabamentos:<\/strong> Verifique a qualidade dos materiais utilizados nos m\u00f3dulos. Opte por<strong> produtos dur\u00e1veis, resistentes<\/strong> e com acabamentos bem feitos. Isso garantir\u00e1 a longevidade e a est\u00e9tica do seu ambiente.<\/li>\n<li><strong>Verifica\u00e7\u00e3o das medidas e compatibilidade:<\/strong> Antes de adquirir os m\u00f3dulos, <strong>verifique<\/strong> cuidadosamente <strong>as medidas<\/strong> e certifique-se de que eles s\u00e3o compat\u00edveis com o espa\u00e7o dispon\u00edvel. Considere tamb\u00e9m as dimens\u00f5es das portas, elevadores ou qualquer obst\u00e1culo que possa interferir na montagem dos m\u00f3dulos.<\/li>\n<\/ul>\n<p>Pensando nessas dicas, uma boa alternativa s\u00e3o os m\u00f3vis da LIV Decora! Os <a href=\"https:\/\/livdecora.com.br\/?s=sof%C3%A1+modular\" target=\"_blank\" rel=\"noopener\">sof\u00e1s modulares<\/a>, por exemplo, se adaptam \u00e0 c\u00f4modos de diversos tamanhos, podendo ser utilizado em in\u00fameras combina\u00e7\u00f5es, e personalizado da forma que melhor atenda o ambiente.<\/p>\n<h2><span class=\"ez-toc-section\" id=\"Encontre_tudo_para_a_sua_casa_na_LIV_Decora\"><\/span><b>Encontre tudo para a sua casa na LIV Decora!<\/b><span class=\"ez-toc-section-end\"><\/span><\/h2>\n<p>E a\u00ed, gostou das nossas dicas para utilizar uma decora\u00e7\u00e3o modular em casa? Primeiramente, confira nossas op\u00e7\u00f5es de m\u00f3veis e decora\u00e7\u00f5es modernas de alto padr\u00e3o para deixar transformar seus ambientes, seguindo as tend\u00eancias do mundo d\u00e9cor. Depois, aproveite nosso cupom de desconto para economizar em sua primeira compra na <a href=\"https:\/\/livdecora.com.br\/\" target=\"_blank\" rel=\"noopener\">LIV Decora<\/a>\u00a0para criar um ambiente \u00fanico e luxuoso.<\/p>\n<p>Aproveite nosso cupom de desconto no valor de R$100,00 para sua primeira compra. Basta adicionar o cupom\u00a0<b>PRIMEIRACOMPRA\u00a0<\/b>em seu carrinho de compras e pronto!<\/p>\n<p>Al\u00e9m disso, na LIV voc\u00ea conta com o aux\u00edlio da nossa equipe atrav\u00e9s do atendimento pelo\u00a0<a href=\"https:\/\/api.whatsapp.com\/send\/?phone=5551995298804&amp;text&amp;type=phone_number&amp;app_absent=0\" target=\"_blank\" rel=\"noopener\">WhatsApp<\/a>\u00a0ou chat. Experimente nosso atendimento personalizado pelo WhatsApp e se surpreenda!<\/p>\n","protected":false},"excerpt":{"rendered":"<p>Decora\u00e7\u00e3o modular \u00e9 uma tend\u00eancia que est\u00e1 conquistando cada vez mais espa\u00e7o nos projetos de interiores, principalmente em pequenos locais A decora\u00e7\u00e3o modular \u00e9 uma [&hellip;]<\/p>\n","protected":false},"author":9,"featured_media":32754,"comment_status":"open","ping_status":"open","sticky":false,"template":"","format":"standard","meta":{"footnotes":""},"categories":[14,1],"tags":[29,347],"class_list":["post-32752","post","type-post","status-publish","format-standard","has-post-thumbnail","hentry","category-dicas","category-home","tag-decoracao","tag-decoracao-modular"],"views":194,"_links":{"self":[{"href":"https:\/\/livdecora.com.br\/blog\/wp-json\/wp\/v2\/posts\/32752","targetHints":{"allow":["GET"]}}],"collection":[{"href":"https:\/\/livdecora.com.br\/blog\/wp-json\/wp\/v2\/posts"}],"about":[{"href":"https:\/\/livdecora.com.br\/blog\/wp-json\/wp\/v2\/types\/post"}],"author":[{"embeddable":true,"href":"https:\/\/livdecora.com.br\/blog\/wp-json\/wp\/v2\/users\/9"}],"replies":[{"embeddable":true,"href":"https:\/\/livdecora.com.br\/blog\/wp-json\/wp\/v2\/comments?post=32752"}],"version-history":[{"count":9,"href":"https:\/\/livdecora.com.br\/blog\/wp-json\/wp\/v2\/posts\/32752\/revisions"}],"predecessor-version":[{"id":33091,"href":"https:\/\/livdecora.com.br\/blog\/wp-json\/wp\/v2\/posts\/32752\/revisions\/33091"}],"wp:featuredmedia":[{"embeddable":true,"href":"https:\/\/livdecora.com.br\/blog\/wp-json\/wp\/v2\/media\/32754"}],"wp:attachment":[{"href":"https:\/\/livdecora.com.br\/blog\/wp-json\/wp\/v2\/media?parent=32752"}],"wp:term":[{"taxonomy":"category","embeddable":true,"href":"https:\/\/livdecora.com.br\/blog\/wp-json\/wp\/v2\/categories?post=32752"},{"taxonomy":"post_tag","embeddable":true,"href":"https:\/\/livdecora.com.br\/blog\/wp-json\/wp\/v2\/tags?post=32752"}],"curies":[{"name":"wp","href":"https:\/\/api.w.org\/{rel}","templated":true}]}}